{"id":1172,"date":"2024-03-05T10:06:58","date_gmt":"2024-03-05T11:06:58","guid":{"rendered":"https:\/\/carpin-mecklenburg.de\/?p=1172"},"modified":"2024-03-05T10:06:58","modified_gmt":"2024-03-05T11:06:58","slug":"betrieb-von-geraeten-und-maschinen","status":"publish","type":"post","link":"https:\/\/carpin-mecklenburg.de\/index.php\/2024\/03\/05\/betrieb-von-geraeten-und-maschinen\/","title":{"rendered":"Betrieb von Ger\u00e4ten und Maschinen"},"content":{"rendered":"<h2 style=\"text-align: center;\"><strong><span style=\"color: #0000ff;\">Hinweise des Amtes Neustrelitz-Land zum<\/span><\/strong><br \/>\n<strong><span style=\"color: #0000ff;\">Betrieb von Ger\u00e4ten und Maschinen<\/span><\/strong><\/h2>\n<p><!--more--><\/p>\n<p><img loading=\"lazy\" decoding=\"async\" class=\"aligncenter wp-image-1173\" src=\"https:\/\/carpin-mecklenburg.de\/wp-content\/uploads\/2024\/03\/maschinenbetrieb.png\" alt=\"\" width=\"199\" height=\"86\" srcset=\"https:\/\/carpin-mecklenburg.de\/wp-content\/uploads\/2024\/03\/maschinenbetrieb.png 350w, https:\/\/carpin-mecklenburg.de\/wp-content\/uploads\/2024\/03\/maschinenbetrieb-300x129.png 300w\" sizes=\"(max-width: 199px) 100vw, 199px\" \/><\/p>\n<p>L\u00e4rm schr\u00e4nkt die Lebensqualit\u00e4t vieler Menschen erheblich ein. Hohe L\u00e4rmbelastungen verursachen nicht nur St\u00f6rungen und Bel\u00e4stigungen, sie k\u00f6nnen auch zu relevanten Gesundheitsrisiken, vor allem f\u00fcr das Herz-Kreislauf-System, f\u00fchren.<\/p>\n<p>Mobile und station\u00e4re Ger\u00e4te und Maschinen k\u00f6nnen L\u00e4rmprobleme hervorrufen. Beispiele sind Garten- und Baumaschinen, Luft-W\u00e4rme-Pumpen oder Klimager\u00e4te. Die Zulassung vieler Ger\u00e4te und Maschinen ist im Europ\u00e4ischen Recht geregelt. Das Bundes-Immissionsschutzgesetz und die Technische Anleitung zum Schutz gegen L\u00e4rm (TA L\u00e4rm) regeln die Pflichten der Betreiber, um die Nachbarschaft vor L\u00e4rm zu sch\u00fctzen. Um insbesondere Wohngebiete vor L\u00e4rm zu sch\u00fctzen, gibt die Ger\u00e4te- und Maschinenl\u00e4rmschutzverordnung (32. BImSchV) zus\u00e4tzlich Betriebszeitregelungen vor.<\/p>\n<hr \/>\n<h4 style=\"text-align: center;\"><strong><span style=\"color: #ff0000;\">Wann d\u00fcrfen Ger\u00e4te und Maschinen betrieben werden?<\/span><\/strong><br \/>\n<strong><span style=\"color: #ff0000;\">Werktags (Montag \u2013 Samstag) von 07.00 \u2013 20.00 Uhr<\/span><\/strong><\/h4>\n<p style=\"text-align: center;\">Dazu geh\u00f6ren z.B. <strong>Rasenm\u00e4her<\/strong>, Motorkettens\u00e4ge, Kompressoren, Bohrger\u00e4te, Altglassammelbeh\u00e4lter, Heckenscheren, Hochdruckreiniger, Rasentrimmer (Elektromotor), Vertikutierer, Schredder, Wasserpumpen, Beton- und M\u00f6rtelmischer etc.<\/p>\n<h5 style=\"text-align: center;\"><strong><span style=\"color: #ff0000;\">Achtung! Zus\u00e4tzliche Einschr\u00e4nkungen<\/span><\/strong><\/h5>\n<p style=\"text-align: center;\">f\u00fcr folgende Ger\u00e4te und Maschinen<br \/>\nFreischneider, Grastrimmer\/Graskantenschneider (Verbrennungsmotor), Laubbl\u00e4ser und Laubsammler<\/p>\n<h5 style=\"text-align: center;\"><strong><span style=\"color: #ff0000;\">Wann d\u00fcrfen diese betrieben werden?<\/span><\/strong><br \/>\n<strong><span style=\"color: #ff0000;\">Werktags (Montag \u2013 Samstag) von 09.00 \u2013 13.00 Uhr und von 15.00 \u2013 17.00 Uhr<\/span><\/strong><\/h5>\n<hr \/>\n<p style=\"text-align: left;\"><img loading=\"lazy\" decoding=\"async\" class=\"alignleft wp-image-1177\" src=\"https:\/\/carpin-mecklenburg.de\/wp-content\/uploads\/2024\/03\/umweltzeichen.png\" alt=\"\" width=\"113\" height=\"166\" srcset=\"https:\/\/carpin-mecklenburg.de\/wp-content\/uploads\/2024\/03\/umweltzeichen.png 376w, https:\/\/carpin-mecklenburg.de\/wp-content\/uploads\/2024\/03\/umweltzeichen-204x300.png 204w\" sizes=\"(max-width: 113px) 100vw, 113px\" \/>Hat Ihr Ger\u00e4t oder Ihre Maschine dieses Umweltzeichen?<br \/>\nDann gelten lediglich die o.g. Betriebszeiten<br \/>\n(Mo &#8211; Sa von 07.00 \u2013 20.00 Uhr)<\/p>\n","protected":false},"excerpt":{"rendered":"<p>Hinweise des Amtes Neustrelitz-Land zum Betrieb von Ger\u00e4ten und Maschinen<\/p>\n","protected":false},"author":4,"featured_media":0,"comment_status":"closed","ping_status":"open","sticky":false,"template":"","format":"standard","meta":{"footnotes":""},"categories":[23],"tags":[],"class_list":["post-1172","post","type-post","status-publish","format-standard","hentry","category-pinnwand"],"_links":{"self":[{"href":"https:\/\/carpin-mecklenburg.de\/index.php\/wp-json\/wp\/v2\/posts\/1172"}],"collection":[{"href":"https:\/\/carpin-mecklenburg.de\/index.php\/wp-json\/wp\/v2\/posts"}],"about":[{"href":"https:\/\/carpin-mecklenburg.de\/index.php\/wp-json\/wp\/v2\/types\/post"}],"author":[{"embeddable":true,"href":"https:\/\/carpin-mecklenburg.de\/index.php\/wp-json\/wp\/v2\/users\/4"}],"replies":[{"embeddable":true,"href":"https:\/\/carpin-mecklenburg.de\/index.php\/wp-json\/wp\/v2\/comments?post=1172"}],"version-history":[{"count":7,"href":"https:\/\/carpin-mecklenburg.de\/index.php\/wp-json\/wp\/v2\/posts\/1172\/revisions"}],"predecessor-version":[{"id":1182,"href":"https:\/\/carpin-mecklenburg.de\/index.php\/wp-json\/wp\/v2\/posts\/1172\/revisions\/1182"}],"wp:attachment":[{"href":"https:\/\/carpin-mecklenburg.de\/index.php\/wp-json\/wp\/v2\/media?parent=1172"}],"wp:term":[{"taxonomy":"category","embeddable":true,"href":"https:\/\/carpin-mecklenburg.de\/index.php\/wp-json\/wp\/v2\/categories?post=1172"},{"taxonomy":"post_tag","embeddable":true,"href":"https:\/\/carpin-mecklenburg.de\/index.php\/wp-json\/wp\/v2\/tags?post=1172"}],"curies":[{"name":"wp","href":"https:\/\/api.w.org\/{rel}","templated":true}]}}